{"@context":"https:\/\/schema.org\/","@type":"CollectionPage","@id":"https:\/\/www.karyma.fr\/science\/#CollectionPage","headline":"Science Category","description":"","url":"https:\/\/www.karyma.fr\/science\/","hasPart":[{"@type":"Article","@id":"https:\/\/www.karyma.fr\/pourquoi-certaines-personnes-pensent-que-la-terre-est-plate\/","headline":"Pourquoi certaines personnes pensent que la terre est plate","url":"https:\/\/www.karyma.fr\/pourquoi-certaines-personnes-pensent-que-la-terre-est-plate\/","datePublished":"2024-08-07","dateModified":"2024-08-07","mainEntityOfPage":"https:\/\/www.karyma.fr\/pourquoi-certaines-personnes-pensent-que-la-terre-est-plate\/","author":{"@type":"Person","@id":"https:\/\/www.karyma.fr\/author\/#Person","name":"","url":"https:\/\/www.karyma.fr\/author\/","identifier":1,"image":{"@type":"ImageObject","@id":"https:\/\/secure.gravatar.com\/avatar\/c47baa405891a9bbddd7acd919a692d2b0c5a8f5f5ac49161535688cab5c72a8?s=96&d=mm&r=g","url":"https:\/\/secure.gravatar.com\/avatar\/c47baa405891a9bbddd7acd919a692d2b0c5a8f5f5ac49161535688cab5c72a8?s=96&d=mm&r=g","height":96,"width":96}},"publisher":{"@type":"Organization","name":"karyma.fr","logo":{"@type":"ImageObject","@id":"\/logo.png","url":"\/logo.png","width":600,"height":60}},"image":{"@type":"ImageObject","@id":"https:\/\/www.karyma.fr\/wp-content\/uploads\/zemedelstvi2_9.jpg","url":"https:\/\/www.karyma.fr\/wp-content\/uploads\/zemedelstvi2_9.jpg","height":0,"width":0},"keywords":null},{"@type":"Article","@id":"https:\/\/www.karyma.fr\/pourquoi-l-atterrissage-habite-sur-mars-a-ete-abandonne\/","headline":"Pourquoi l&#8217;atterrissage habit\u00e9 sur Mars a \u00e9t\u00e9 abandonn\u00e9","url":"https:\/\/www.karyma.fr\/pourquoi-l-atterrissage-habite-sur-mars-a-ete-abandonne\/","datePublished":"2024-06-28","dateModified":"2024-06-28","mainEntityOfPage":"https:\/\/www.karyma.fr\/pourquoi-l-atterrissage-habite-sur-mars-a-ete-abandonne\/","author":{"@type":"Person","@id":"https:\/\/www.karyma.fr\/author\/#Person","name":"","url":"https:\/\/www.karyma.fr\/author\/","identifier":1,"image":{"@type":"ImageObject","@id":"https:\/\/secure.gravatar.com\/avatar\/c47baa405891a9bbddd7acd919a692d2b0c5a8f5f5ac49161535688cab5c72a8?s=96&d=mm&r=g","url":"https:\/\/secure.gravatar.com\/avatar\/c47baa405891a9bbddd7acd919a692d2b0c5a8f5f5ac49161535688cab5c72a8?s=96&d=mm&r=g","height":96,"width":96}},"publisher":{"@type":"Organization","name":"karyma.fr","logo":{"@type":"ImageObject","@id":"\/logo.png","url":"\/logo.png","width":600,"height":60}},"image":null,"keywords":null},{"@type":"Article","@id":"https:\/\/www.karyma.fr\/vdada-skola\/","headline":"VdaDa, \u0161kola","url":"https:\/\/www.karyma.fr\/vdada-skola\/","datePublished":"2023-11-12","dateModified":"2023-11-12","mainEntityOfPage":"https:\/\/www.karyma.fr\/vdada-skola\/","author":{"@type":"Person","@id":"https:\/\/www.karyma.fr\/author\/#Person","name":"","url":"https:\/\/www.karyma.fr\/author\/","identifier":1,"image":{"@type":"ImageObject","@id":"https:\/\/secure.gravatar.com\/avatar\/c47baa405891a9bbddd7acd919a692d2b0c5a8f5f5ac49161535688cab5c72a8?s=96&d=mm&r=g","url":"https:\/\/secure.gravatar.com\/avatar\/c47baa405891a9bbddd7acd919a692d2b0c5a8f5f5ac49161535688cab5c72a8?s=96&d=mm&r=g","height":96,"width":96}},"publisher":{"@type":"Organization","name":"karyma.fr","logo":{"@type":"ImageObject","@id":"\/logo.png","url":"\/logo.png","width":600,"height":60}},"image":{"@type":"ImageObject","@id":"https:\/\/www.karyma.fr\/wp-content\/uploads\/red-blood-cells-4256710_1280_1.jpg","url":"https:\/\/www.karyma.fr\/wp-content\/uploads\/red-blood-cells-4256710_1280_1.jpg","height":0,"width":0},"keywords":null},{"@type":"Article","@id":"https:\/\/www.karyma.fr\/ce-que-les-changements-climatiques-soudains-ont-toujours-apporte\/","headline":"Ce que les changements climatiques soudains ont toujours apport\u00e9","url":"https:\/\/www.karyma.fr\/ce-que-les-changements-climatiques-soudains-ont-toujours-apporte\/","datePublished":"2023-10-16","dateModified":"2023-10-16","mainEntityOfPage":"https:\/\/www.karyma.fr\/ce-que-les-changements-climatiques-soudains-ont-toujours-apporte\/","author":{"@type":"Person","@id":"https:\/\/www.karyma.fr\/author\/#Person","name":"","url":"https:\/\/www.karyma.fr\/author\/","identifier":1,"image":{"@type":"ImageObject","@id":"https:\/\/secure.gravatar.com\/avatar\/c47baa405891a9bbddd7acd919a692d2b0c5a8f5f5ac49161535688cab5c72a8?s=96&d=mm&r=g","url":"https:\/\/secure.gravatar.com\/avatar\/c47baa405891a9bbddd7acd919a692d2b0c5a8f5f5ac49161535688cab5c72a8?s=96&d=mm&r=g","height":96,"width":96}},"publisher":{"@type":"Organization","name":"karyma.fr","logo":{"@type":"ImageObject","@id":"\/logo.png","url":"\/logo.png","width":600,"height":60}},"image":null,"keywords":null},{"@type":"Article","@id":"https:\/\/www.karyma.fr\/hippocrate-aurait-il-dit\/","headline":"Hippocrate aurait-il dit ?","url":"https:\/\/www.karyma.fr\/hippocrate-aurait-il-dit\/","datePublished":"2023-08-12","dateModified":"2023-08-12","mainEntityOfPage":"https:\/\/www.karyma.fr\/hippocrate-aurait-il-dit\/","author":{"@type":"Person","@id":"https:\/\/www.karyma.fr\/author\/#Person","name":"","url":"https:\/\/www.karyma.fr\/author\/","identifier":1,"image":{"@type":"ImageObject","@id":"https:\/\/secure.gravatar.com\/avatar\/c47baa405891a9bbddd7acd919a692d2b0c5a8f5f5ac49161535688cab5c72a8?s=96&d=mm&r=g","url":"https:\/\/secure.gravatar.com\/avatar\/c47baa405891a9bbddd7acd919a692d2b0c5a8f5f5ac49161535688cab5c72a8?s=96&d=mm&r=g","height":96,"width":96}},"publisher":{"@type":"Organization","name":"karyma.fr","logo":{"@type":"ImageObject","@id":"\/logo.png","url":"\/logo.png","width":600,"height":60}},"image":null,"keywords":null},{"@type":"Article","@id":"https:\/\/www.karyma.fr\/d-autres-primates-peuvent-ils-apprendre-la-parole-humaine\/","headline":"D&#8217;autres primates peuvent-ils apprendre la parole humaine?","url":"https:\/\/www.karyma.fr\/d-autres-primates-peuvent-ils-apprendre-la-parole-humaine\/","datePublished":"2023-02-02","dateModified":"2023-02-02","mainEntityOfPage":"https:\/\/www.karyma.fr\/d-autres-primates-peuvent-ils-apprendre-la-parole-humaine\/","author":{"@type":"Person","@id":"https:\/\/www.karyma.fr\/author\/#Person","name":"","url":"https:\/\/www.karyma.fr\/author\/","identifier":1,"image":{"@type":"ImageObject","@id":"https:\/\/secure.gravatar.com\/avatar\/c47baa405891a9bbddd7acd919a692d2b0c5a8f5f5ac49161535688cab5c72a8?s=96&d=mm&r=g","url":"https:\/\/secure.gravatar.com\/avatar\/c47baa405891a9bbddd7acd919a692d2b0c5a8f5f5ac49161535688cab5c72a8?s=96&d=mm&r=g","height":96,"width":96}},"publisher":{"@type":"Organization","name":"karyma.fr","logo":{"@type":"ImageObject","@id":"\/logo.png","url":"\/logo.png","width":600,"height":60}},"image":{"@type":"ImageObject","@id":"https:\/\/www.karyma.fr\/wp-content\/uploads\/lide2_7.jpg","url":"https:\/\/www.karyma.fr\/wp-content\/uploads\/lide2_7.jpg","height":0,"width":0},"keywords":null},{"@type":"Article","@id":"https:\/\/www.karyma.fr\/apprendre-la-science\/","headline":"Apprendre la science","url":"https:\/\/www.karyma.fr\/apprendre-la-science\/","datePublished":"2022-03-12","dateModified":"2022-03-12","mainEntityOfPage":"https:\/\/www.karyma.fr\/apprendre-la-science\/","author":{"@type":"Person","@id":"https:\/\/www.karyma.fr\/author\/#Person","name":"","url":"https:\/\/www.karyma.fr\/author\/","identifier":1,"image":{"@type":"ImageObject","@id":"https:\/\/secure.gravatar.com\/avatar\/c47baa405891a9bbddd7acd919a692d2b0c5a8f5f5ac49161535688cab5c72a8?s=96&d=mm&r=g","url":"https:\/\/secure.gravatar.com\/avatar\/c47baa405891a9bbddd7acd919a692d2b0c5a8f5f5ac49161535688cab5c72a8?s=96&d=mm&r=g","height":96,"width":96}},"publisher":{"@type":"Organization","name":"karyma.fr","logo":{"@type":"ImageObject","@id":"\/logo.png","url":"\/logo.png","width":600,"height":60}},"image":null,"keywords":null}]}